{"id":479,"date":"2018-10-28T19:10:27","date_gmt":"2018-10-28T18:10:27","guid":{"rendered":"http:\/\/7demates.epsem.upc.edu\/?p=479"},"modified":"2018-10-28T19:10:27","modified_gmt":"2018-10-28T18:10:27","slug":"proves-de-seleccio-i-primera-sessio-de-lanem-x-matematiques","status":"publish","type":"post","link":"https:\/\/7demates.upc.edu\/index.php\/2018\/10\/28\/proves-de-seleccio-i-primera-sessio-de-lanem-x-matematiques\/","title":{"rendered":"Proves de selecci\u00f3 i primera sessi\u00f3 de l&#8217;Anem x + matem\u00e0tiques"},"content":{"rendered":"<p>El passat dissabte 20 d&#8217;octubre vam iniciar el nou curs del <span class=\"hiddenSpellError\">7demates<\/span> amb gran participaci\u00f3 d&#8217;alumnat. Des d&#8217;aqu\u00ed volem agrair la motivaci\u00f3 de tots els participants!<br \/>\nPer 2n i 3r d&#8217;ESO el mat\u00ed va comen\u00e7ar amb la resoluci\u00f3 de problemes on el m\u00e9s important no \u00e9s el resultat, sin\u00f3 com els enfoquen i quines idees tenen per resoldre&#8217;ls. Tan aviat com puguem publicarem la llista dels seleccionats! Mentrestant, els familiars van poder assistir a una petita xerrada on es va explicar el <span class=\"hiddenSpellError\">projcecte<\/span> <span class=\"hiddenSpellError\">7demates<\/span> i on es recorda que, encara que malauradament no tots els alumnes enguany podran formar part del projecte (tenim m\u00e9s de 100 inscrits!), agra\u00efm la predisposici\u00f3 i, qui sap, l&#8217;any que ve potser podrem ser m\u00e9s!<br \/>\nEn la segona part els principals protagonistes varen ser els &#8220;ex-<span class=\"hiddenSpellError\">7dematerus<\/span>&#8220;. Tenim un grup d&#8217;alumnes que, per edat, ja no poden formar part del grup, per\u00f2 que seguim en contacte amb ells i van ser els encarregats de preparar proves i enigmes pels nous participants! L&#8217;experi\u00e8ncia va ser molt positiva tant pels exalumnes, com pel nou alumnat, com pel professorat!<\/p>\n<p>I no ens podem oblidar de l&#8217;Anem x + matem\u00e0tiques. Aquest dissabte van treballar les mates amb pel\u00b7l\u00edcules com L&#8217;habitaci\u00f3 de Fermat o Figures Ocultes i amb s\u00e8ries com Els <span class=\"hiddenSpellError\">Simpson<\/span>, <span class=\"hiddenSpellError\">Futurama<\/span> o esquetxos <span class=\"hiddenGrammarError\">del Pol\u00f2nia<\/span> entre moltes d&#8217;altres, amb el professor Josep Maria <span class=\"hiddenSpellError\">Bar\u00f3n<\/span> i l&#8217;activitat &#8220;Matem\u00e0tiques de cine&#8221;! El feedback va ser molt positiu i ja estan esperant la seg\u00fcent sessi\u00f3 del 17 de novembre!<\/p>\n<p>&nbsp;<\/p>\n<div id='gallery-1' class='gallery galleryid-479 gallery-columns-4 gallery-size-medium'><figure class='gallery-item'>\n\t\t\t<div class='gallery-icon landscape'>\n\t\t\t\t<a href='https:\/\/7demates.upc.edu\/index.php\/2018\/10\/28\/proves-de-seleccio-i-primera-sessio-de-lanem-x-matematiques\/d\/'><img loading=\"lazy\" decoding=\"async\" width=\"300\" height=\"225\" src=\"https:\/\/7demates.upc.edu\/wp-content\/uploads\/2018\/10\/d-300x225.jpg\" class=\"attachment-medium size-medium\" alt=\"\" srcset=\"https:\/\/7demates.upc.edu\/wp-content\/uploads\/2018\/10\/d-300x225.jpg 300w, https:\/\/7demates.upc.edu\/wp-content\/uploads\/2018\/10\/d-1024x768.jpg 1024w, https:\/\/7demates.upc.edu\/wp-content\/uploads\/2018\/10\/d-768x576.jpg 768w, https:\/\/7demates.upc.edu\/wp-content\/uploads\/2018\/10\/d-1536x1152.jpg 1536w, https:\/\/7demates.upc.edu\/wp-content\/uploads\/2018\/10\/d-600x450.jpg 600w, https:\/\/7demates.upc.edu\/wp-content\/uploads\/2018\/10\/d.jpg 1600w\" sizes=\"auto, (max-width: 300px) 100vw, 300px\" \/><\/a>\n\t\t\t<\/div><\/figure><figure class='gallery-item'>\n\t\t\t<div class='gallery-icon landscape'>\n\t\t\t\t<a href='https:\/\/7demates.upc.edu\/index.php\/2018\/10\/28\/proves-de-seleccio-i-primera-sessio-de-lanem-x-matematiques\/g\/'><img loading=\"lazy\" decoding=\"async\" width=\"300\" height=\"169\" src=\"https:\/\/7demates.upc.edu\/wp-content\/uploads\/2018\/10\/g-300x169.jpg\" class=\"attachment-medium size-medium\" alt=\"\" srcset=\"https:\/\/7demates.upc.edu\/wp-content\/uploads\/2018\/10\/g-300x169.jpg 300w, https:\/\/7demates.upc.edu\/wp-content\/uploads\/2018\/10\/g-1024x576.jpg 1024w, https:\/\/7demates.upc.edu\/wp-content\/uploads\/2018\/10\/g-768x432.jpg 768w, https:\/\/7demates.upc.edu\/wp-content\/uploads\/2018\/10\/g-1536x864.jpg 1536w, https:\/\/7demates.upc.edu\/wp-content\/uploads\/2018\/10\/g-1360x765.jpg 1360w, https:\/\/7demates.upc.edu\/wp-content\/uploads\/2018\/10\/g.jpg 1599w\" sizes=\"auto, (max-width: 300px) 100vw, 300px\" \/><\/a>\n\t\t\t<\/div><\/figure><figure class='gallery-item'>\n\t\t\t<div class='gallery-icon landscape'>\n\t\t\t\t<a href='https:\/\/7demates.upc.edu\/index.php\/2018\/10\/28\/proves-de-seleccio-i-primera-sessio-de-lanem-x-matematiques\/u\/'><img loading=\"lazy\" decoding=\"async\" width=\"300\" height=\"225\" src=\"https:\/\/7demates.upc.edu\/wp-content\/uploads\/2018\/10\/u-300x225.jpg\" class=\"attachment-medium size-medium\" alt=\"\" srcset=\"https:\/\/7demates.upc.edu\/wp-content\/uploads\/2018\/10\/u-300x225.jpg 300w, https:\/\/7demates.upc.edu\/wp-content\/uploads\/2018\/10\/u-1024x768.jpg 1024w, https:\/\/7demates.upc.edu\/wp-content\/uploads\/2018\/10\/u-768x576.jpg 768w, https:\/\/7demates.upc.edu\/wp-content\/uploads\/2018\/10\/u-1536x1152.jpg 1536w, https:\/\/7demates.upc.edu\/wp-content\/uploads\/2018\/10\/u-600x450.jpg 600w, https:\/\/7demates.upc.edu\/wp-content\/uploads\/2018\/10\/u.jpg 1600w\" sizes=\"auto, (max-width: 300px) 100vw, 300px\" \/><\/a>\n\t\t\t<\/div><\/figure><figure class='gallery-item'>\n\t\t\t<div class='gallery-icon landscape'>\n\t\t\t\t<a href='https:\/\/7demates.upc.edu\/index.php\/2018\/10\/28\/proves-de-seleccio-i-primera-sessio-de-lanem-x-matematiques\/a2\/'><img loading=\"lazy\" decoding=\"async\" width=\"300\" height=\"225\" src=\"https:\/\/7demates.upc.edu\/wp-content\/uploads\/2018\/10\/a2-300x225.jpg\" class=\"attachment-medium size-medium\" alt=\"\" srcset=\"https:\/\/7demates.upc.edu\/wp-content\/uploads\/2018\/10\/a2-300x225.jpg 300w, https:\/\/7demates.upc.edu\/wp-content\/uploads\/2018\/10\/a2-1024x768.jpg 1024w, https:\/\/7demates.upc.edu\/wp-content\/uploads\/2018\/10\/a2-768x576.jpg 768w, https:\/\/7demates.upc.edu\/wp-content\/uploads\/2018\/10\/a2-1536x1152.jpg 1536w, https:\/\/7demates.upc.edu\/wp-content\/uploads\/2018\/10\/a2-600x450.jpg 600w, https:\/\/7demates.upc.edu\/wp-content\/uploads\/2018\/10\/a2.jpg 1600w\" sizes=\"auto, (max-width: 300px) 100vw, 300px\" \/><\/a>\n\t\t\t<\/div><\/figure><figure class='gallery-item'>\n\t\t\t<div class='gallery-icon landscape'>\n\t\t\t\t<a href='https:\/\/7demates.upc.edu\/index.php\/2018\/10\/28\/proves-de-seleccio-i-primera-sessio-de-lanem-x-matematiques\/c\/'><img loading=\"lazy\" decoding=\"async\" width=\"300\" height=\"225\" src=\"https:\/\/7demates.upc.edu\/wp-content\/uploads\/2018\/10\/c-300x225.jpg\" class=\"attachment-medium size-medium\" alt=\"\" srcset=\"https:\/\/7demates.upc.edu\/wp-content\/uploads\/2018\/10\/c-300x225.jpg 300w, https:\/\/7demates.upc.edu\/wp-content\/uploads\/2018\/10\/c-1024x768.jpg 1024w, https:\/\/7demates.upc.edu\/wp-content\/uploads\/2018\/10\/c-768x576.jpg 768w, https:\/\/7demates.upc.edu\/wp-content\/uploads\/2018\/10\/c-1536x1152.jpg 1536w, https:\/\/7demates.upc.edu\/wp-content\/uploads\/2018\/10\/c-600x450.jpg 600w, https:\/\/7demates.upc.edu\/wp-content\/uploads\/2018\/10\/c.jpg 1600w\" sizes=\"auto, (max-width: 300px) 100vw, 300px\" \/><\/a>\n\t\t\t<\/div><\/figure><figure class='gallery-item'>\n\t\t\t<div class='gallery-icon landscape'>\n\t\t\t\t<a href='https:\/\/7demates.upc.edu\/index.php\/2018\/10\/28\/proves-de-seleccio-i-primera-sessio-de-lanem-x-matematiques\/o\/'><img loading=\"lazy\" decoding=\"async\" width=\"300\" height=\"225\" src=\"https:\/\/7demates.upc.edu\/wp-content\/uploads\/2018\/10\/o-300x225.jpg\" class=\"attachment-medium size-medium\" alt=\"\" srcset=\"https:\/\/7demates.upc.edu\/wp-content\/uploads\/2018\/10\/o-300x225.jpg 300w, https:\/\/7demates.upc.edu\/wp-content\/uploads\/2018\/10\/o-1024x768.jpg 1024w, https:\/\/7demates.upc.edu\/wp-content\/uploads\/2018\/10\/o-768x576.jpg 768w, https:\/\/7demates.upc.edu\/wp-content\/uploads\/2018\/10\/o-1536x1152.jpg 1536w, https:\/\/7demates.upc.edu\/wp-content\/uploads\/2018\/10\/o-600x450.jpg 600w, https:\/\/7demates.upc.edu\/wp-content\/uploads\/2018\/10\/o.jpg 1600w\" sizes=\"auto, (max-width: 300px) 100vw, 300px\" \/><\/a>\n\t\t\t<\/div><\/figure><figure class='gallery-item'>\n\t\t\t<div class='gallery-icon landscape'>\n\t\t\t\t<a href='https:\/\/7demates.upc.edu\/index.php\/2018\/10\/28\/proves-de-seleccio-i-primera-sessio-de-lanem-x-matematiques\/z\/'><img loading=\"lazy\" decoding=\"async\" width=\"300\" height=\"225\" src=\"https:\/\/7demates.upc.edu\/wp-content\/uploads\/2018\/10\/z-scaled-1-300x225.jpg\" class=\"attachment-medium size-medium\" alt=\"\" srcset=\"https:\/\/7demates.upc.edu\/wp-content\/uploads\/2018\/10\/z-scaled-1-300x225.jpg 300w, https:\/\/7demates.upc.edu\/wp-content\/uploads\/2018\/10\/z-scaled-1-1024x768.jpg 1024w, https:\/\/7demates.upc.edu\/wp-content\/uploads\/2018\/10\/z-scaled-1-768x576.jpg 768w, https:\/\/7demates.upc.edu\/wp-content\/uploads\/2018\/10\/z-scaled-1-1536x1152.jpg 1536w, https:\/\/7demates.upc.edu\/wp-content\/uploads\/2018\/10\/z-scaled-1-2048x1536.jpg 2048w, https:\/\/7demates.upc.edu\/wp-content\/uploads\/2018\/10\/z-scaled-1-600x450.jpg 600w\" sizes=\"auto, (max-width: 300px) 100vw, 300px\" \/><\/a>\n\t\t\t<\/div><\/figure><figure class='gallery-item'>\n\t\t\t<div class='gallery-icon landscape'>\n\t\t\t\t<a href='https:\/\/7demates.upc.edu\/index.php\/2018\/10\/28\/proves-de-seleccio-i-primera-sessio-de-lanem-x-matematiques\/a\/'><img loading=\"lazy\" decoding=\"async\" width=\"300\" height=\"225\" src=\"https:\/\/7demates.upc.edu\/wp-content\/uploads\/2018\/10\/a-300x225.jpg\" class=\"attachment-medium size-medium\" alt=\"\" srcset=\"https:\/\/7demates.upc.edu\/wp-content\/uploads\/2018\/10\/a-300x225.jpg 300w, https:\/\/7demates.upc.edu\/wp-content\/uploads\/2018\/10\/a-1024x768.jpg 1024w, https:\/\/7demates.upc.edu\/wp-content\/uploads\/2018\/10\/a-768x576.jpg 768w, https:\/\/7demates.upc.edu\/wp-content\/uploads\/2018\/10\/a-1536x1152.jpg 1536w, https:\/\/7demates.upc.edu\/wp-content\/uploads\/2018\/10\/a-600x450.jpg 600w, https:\/\/7demates.upc.edu\/wp-content\/uploads\/2018\/10\/a.jpg 1600w\" sizes=\"auto, (max-width: 300px) 100vw, 300px\" \/><\/a>\n\t\t\t<\/div><\/figure>\n\t\t<\/div>\n\n","protected":false},"excerpt":{"rendered":"<p>El passat dissabte 20 d&#8217;octubre vam iniciar el nou curs del 7demates amb gran participaci\u00f3 d&#8217;alumnat. Des d&#8217;aqu\u00ed volem agrair<\/p>\n","protected":false},"author":1,"featured_media":0,"comment_status":"open","ping_status":"open","sticky":false,"template":"","format":"standard","meta":{"footnotes":""},"categories":[2,3],"tags":[],"class_list":["post-479","post","type-post","status-publish","format-standard","hentry","category-curs-2018-2019","category-noticies"],"_links":{"self":[{"href":"https:\/\/7demates.upc.edu\/index.php\/wp-json\/wp\/v2\/posts\/479","targetHints":{"allow":["GET"]}}],"collection":[{"href":"https:\/\/7demates.upc.edu\/index.php\/wp-json\/wp\/v2\/posts"}],"about":[{"href":"https:\/\/7demates.upc.edu\/index.php\/wp-json\/wp\/v2\/types\/post"}],"author":[{"embeddable":true,"href":"https:\/\/7demates.upc.edu\/index.php\/wp-json\/wp\/v2\/users\/1"}],"replies":[{"embeddable":true,"href":"https:\/\/7demates.upc.edu\/index.php\/wp-json\/wp\/v2\/comments?post=479"}],"version-history":[{"count":0,"href":"https:\/\/7demates.upc.edu\/index.php\/wp-json\/wp\/v2\/posts\/479\/revisions"}],"wp:attachment":[{"href":"https:\/\/7demates.upc.edu\/index.php\/wp-json\/wp\/v2\/media?parent=479"}],"wp:term":[{"taxonomy":"category","embeddable":true,"href":"https:\/\/7demates.upc.edu\/index.php\/wp-json\/wp\/v2\/categories?post=479"},{"taxonomy":"post_tag","embeddable":true,"href":"https:\/\/7demates.upc.edu\/index.php\/wp-json\/wp\/v2\/tags?post=479"}],"curies":[{"name":"wp","href":"https:\/\/api.w.org\/{rel}","templated":true}]}}