{"id":1714,"date":"2025-06-16T16:15:44","date_gmt":"2025-06-16T16:15:44","guid":{"rendered":"https:\/\/7demates.upc.edu\/?p=1714"},"modified":"2025-06-16T16:15:44","modified_gmt":"2025-06-16T16:15:44","slug":"preinscripcio-pel-curs-25-26","status":"publish","type":"post","link":"https:\/\/7demates.upc.edu\/index.php\/2025\/06\/16\/preinscripcio-pel-curs-25-26\/","title":{"rendered":"Preinscripci\u00f3 pel curs 25-26"},"content":{"rendered":"\n<p><strong>Voleu participar al 7deMates?<\/strong> <strong>Com en els darrers cursos, iniciem <a href=\"https:\/\/docs.google.com\/forms\/d\/e\/1FAIpQLSfOo5gEtqo1Iy2HnjMNXjLcqCoJujdqFZacQgP-blfLgAcCeg\/viewform?usp=header\">la preinscripci\u00f3 al juny<\/a>.<\/strong><\/p>\n\n\n\n<p>Aqu\u00ed teniu un resum dels aspectes m\u00e9s rellevants del nostre projecte:<br>\u25cf \u00c9s un programa extraescolar de promoci\u00f3 de les matem\u00e0tiques, dut a terme per professorat de matem\u00e0tiques de secund\u00e0ria i d\u2019universitat.<br>\u25cf Ofereix eines i est\u00edmuls a&nbsp;<strong>nois\/noies de 2n i 3r d\u2019ESO<\/strong>&nbsp;de la Catalunya Central i Pirineus que gaudeixen resolent reptes matem\u00e0tics.<br>Les sessions s\u00f3n presencials:&nbsp;<strong>7 sessions,<\/strong>&nbsp;aproximadament una al mes, durant el curs escolar, els&nbsp;<strong>dissabtes al mat\u00ed de 9:30h a 12:30h<\/strong>, a partir de setembre-octubre i fins l\u2019abril.<\/p>\n\n\n\n<p>Aquestes trobades&nbsp;<strong>es realitzaran a l\u2019EPSEM, Universitat Polit\u00e8cnica de Catalunya a Manresa,<\/strong>&nbsp;i seran dinamitzades per professorat de matem\u00e0tiques de secund\u00e0ria i universitat,<br>El&nbsp;<strong>nombre de places&nbsp;<\/strong>\u00e9s&nbsp;<strong>limitat<\/strong>, per garantir-ne la qualitat i l\u2019objectiu final de gaudir de les matem\u00e0tiques!<\/p>\n\n\n\n<p>La\u00a0<strong>primera trobada<\/strong>, el\u00a0<strong>27 de setembre<\/strong>, en la qual es far\u00e0 la prova de selecci\u00f3 si \u00e9s necessari, \u00e9s\u00a0<strong>gratu\u00efta<\/strong>.<br>Per\u00a0<strong>als joves seleccionats<\/strong>, es demana una aportaci\u00f3 de<strong>\u00a020 euros<\/strong>, per cobrir les despeses de material que s\u2019utilitza, en un \u00fanic pagament en la primera sessi\u00f3.<br>El\u00a0<strong>calendari\u00a0<\/strong>de les sessions del proper curs <strong>2025-2026<\/strong> encara no est\u00e0 decidit excepte la primera sessi\u00f3 ser\u00e0 el\u00a0dissabte <strong>27 de setembre<\/strong>.<\/p>\n\n\n\n<p>Si voleu que el vostre fill\/a hi pugui participar, heu de\u00a0<strong>fer la preinscripci\u00f3\u00a0<\/strong>a trav\u00e9s d&#8217;aquest<strong>\u00a0<a href=\"https:\/\/docs.google.com\/forms\/d\/e\/1FAIpQLSfOo5gEtqo1Iy2HnjMNXjLcqCoJujdqFZacQgP-blfLgAcCeg\/viewform?usp=header\">formulari en l\u00ednia<\/a><\/strong>.<\/p>\n\n\n\n<p>L\u2019activitat es realitza a l\u2019Escola Polit\u00e8cnica Superior d\u2019Enginyeria de Manresa (EPSEM, UPC a Manresa) i compta amb el recolzament de la Societat Catalana de Matem\u00e0tiques i la col\u00b7laboraci\u00f3 volunt\u00e0ria de professorat de centres de secund\u00e0ria de la comarca.<\/p>\n\n\n\n<p><br><strong>ANIMEU-VOS A PARTICIPAR! \u00c9s una bona oportunitat!<\/strong><\/p>\n\n\n\n<p><\/p>\n","protected":false},"excerpt":{"rendered":"<p>Voleu participar al 7deMates? Com en els darrers cursos, iniciem la preinscripci\u00f3 al juny. Aqu\u00ed teniu un resum dels aspectes<\/p>\n","protected":false},"author":2,"featured_media":0,"comment_status":"open","ping_status":"open","sticky":false,"template":"","format":"standard","meta":{"footnotes":""},"categories":[1],"tags":[74,62],"class_list":["post-1714","post","type-post","status-publish","format-standard","hentry","category-uncategorized","tag-curs-25-26","tag-preinscripcio"],"_links":{"self":[{"href":"https:\/\/7demates.upc.edu\/index.php\/wp-json\/wp\/v2\/posts\/1714","targetHints":{"allow":["GET"]}}],"collection":[{"href":"https:\/\/7demates.upc.edu\/index.php\/wp-json\/wp\/v2\/posts"}],"about":[{"href":"https:\/\/7demates.upc.edu\/index.php\/wp-json\/wp\/v2\/types\/post"}],"author":[{"embeddable":true,"href":"https:\/\/7demates.upc.edu\/index.php\/wp-json\/wp\/v2\/users\/2"}],"replies":[{"embeddable":true,"href":"https:\/\/7demates.upc.edu\/index.php\/wp-json\/wp\/v2\/comments?post=1714"}],"version-history":[{"count":1,"href":"https:\/\/7demates.upc.edu\/index.php\/wp-json\/wp\/v2\/posts\/1714\/revisions"}],"predecessor-version":[{"id":1715,"href":"https:\/\/7demates.upc.edu\/index.php\/wp-json\/wp\/v2\/posts\/1714\/revisions\/1715"}],"wp:attachment":[{"href":"https:\/\/7demates.upc.edu\/index.php\/wp-json\/wp\/v2\/media?parent=1714"}],"wp:term":[{"taxonomy":"category","embeddable":true,"href":"https:\/\/7demates.upc.edu\/index.php\/wp-json\/wp\/v2\/categories?post=1714"},{"taxonomy":"post_tag","embeddable":true,"href":"https:\/\/7demates.upc.edu\/index.php\/wp-json\/wp\/v2\/tags?post=1714"}],"curies":[{"name":"wp","href":"https:\/\/api.w.org\/{rel}","templated":true}]}}