{"id":1450,"date":"2024-09-19T18:36:20","date_gmt":"2024-09-19T16:36:20","guid":{"rendered":"https:\/\/7demates.epsem.upc.edu\/?p=1450"},"modified":"2024-09-19T18:36:20","modified_gmt":"2024-09-19T16:36:20","slug":"tallers-anemxmates-a-manresa","status":"publish","type":"post","link":"https:\/\/7demates.upc.edu\/index.php\/2024\/09\/19\/tallers-anemxmates-a-manresa\/","title":{"rendered":"Tallers Anemx+Mates a Manresa"},"content":{"rendered":"\n<p>S\u2019ha obert el termini per fer les preinscripcions al programa de matem\u00e0tiques&nbsp;<strong>Anemx+matem\u00e0tiques&nbsp;<\/strong>adre\u00e7at a l\u2019alumnat de&nbsp;<strong>4t d\u2019ESO<\/strong>.&nbsp;<\/p>\n\n\n\n<p>Est\u00e0 organitzat per la&nbsp;<a href=\"https:\/\/feemcat.org\/\">FEEMCAT<\/a>, es realitza en diverses seus de Catalunya i la&nbsp;<strong>inscripci\u00f3 l\u2019ha de fer el professorat de matem\u00e0tiques de l\u2019alumne<\/strong>&nbsp;interessat.<\/p>\n\n\n\n<p>A la seu de <strong>Manresa<\/strong>, la preinscripci\u00f3 s\u2019ha de fer, abans del\u00a0<strong>14 d\u2019octubre<\/strong>, al formulari seg\u00fcent:\u00a0\u00a0\u00a0<a href=\"https:\/\/docs.google.com\/forms\/d\/e\/1FAIpQLSdC2MfhopcLJq1KGmSSXTABPr0C6yGNsWtjzZGwV65xV1CYcQ\/viewform\">https:\/\/forms.gle\/XamFLFCVXSwXqdKY7<\/a>\u00a0 .<\/p>\n\n\n\n<p>Les sessions s\u00f3n els&nbsp;<strong>dissabtes de 9:30 a 12:30<\/strong>, aproximadament una al mes, a l\u2019EPSEM, UPC a Manresa.<strong>&nbsp;<\/strong><\/p>\n\n\n\n<p>Tot i que el <strong>calendari ser\u00e0 confirmat en el moment de la inscripci\u00f3<\/strong>, les dates previstes s\u00f3n 26 d\u2019octubre, 16 de novembre, 14 de desembre, 18 de gener, 8 de febrer,\u00a01 de mar\u00e7, 15 de mar\u00e7, 26 d\u2019abril.<\/p>\n\n\n\n<p><strong>Animeu-vos a participar!<\/strong><\/p>\n\n\n\n<p><\/p>\n","protected":false},"excerpt":{"rendered":"<p>S\u2019ha obert el termini per fer les preinscripcions al programa de matem\u00e0tiques&nbsp;Anemx+matem\u00e0tiques&nbsp;adre\u00e7at a l\u2019alumnat de&nbsp;4t d\u2019ESO.&nbsp; Est\u00e0 organitzat per la&nbsp;FEEMCAT,<\/p>\n","protected":false},"author":1,"featured_media":0,"comment_status":"open","ping_status":"open","sticky":false,"template":"","format":"standard","meta":{"footnotes":""},"categories":[3],"tags":[11,60,62],"class_list":["post-1450","post","type-post","status-publish","format-standard","hentry","category-noticies","tag-anemxmates","tag-curs-24-25","tag-preinscripcio"],"_links":{"self":[{"href":"https:\/\/7demates.upc.edu\/index.php\/wp-json\/wp\/v2\/posts\/1450","targetHints":{"allow":["GET"]}}],"collection":[{"href":"https:\/\/7demates.upc.edu\/index.php\/wp-json\/wp\/v2\/posts"}],"about":[{"href":"https:\/\/7demates.upc.edu\/index.php\/wp-json\/wp\/v2\/types\/post"}],"author":[{"embeddable":true,"href":"https:\/\/7demates.upc.edu\/index.php\/wp-json\/wp\/v2\/users\/1"}],"replies":[{"embeddable":true,"href":"https:\/\/7demates.upc.edu\/index.php\/wp-json\/wp\/v2\/comments?post=1450"}],"version-history":[{"count":0,"href":"https:\/\/7demates.upc.edu\/index.php\/wp-json\/wp\/v2\/posts\/1450\/revisions"}],"wp:attachment":[{"href":"https:\/\/7demates.upc.edu\/index.php\/wp-json\/wp\/v2\/media?parent=1450"}],"wp:term":[{"taxonomy":"category","embeddable":true,"href":"https:\/\/7demates.upc.edu\/index.php\/wp-json\/wp\/v2\/categories?post=1450"},{"taxonomy":"post_tag","embeddable":true,"href":"https:\/\/7demates.upc.edu\/index.php\/wp-json\/wp\/v2\/tags?post=1450"}],"curies":[{"name":"wp","href":"https:\/\/api.w.org\/{rel}","templated":true}]}}