{"id":1171,"date":"2022-10-04T19:26:40","date_gmt":"2022-10-04T17:26:40","guid":{"rendered":"http:\/\/7demates.epsem.upc.edu\/?p=1171"},"modified":"2022-10-04T19:26:40","modified_gmt":"2022-10-04T17:26:40","slug":"tallers-anem-x-matematiques-2022-2023","status":"publish","type":"post","link":"https:\/\/7demates.upc.edu\/index.php\/2022\/10\/04\/tallers-anem-x-matematiques-2022-2023\/","title":{"rendered":"Tallers Anem x + Matem\u00e0tiques 2022-2023"},"content":{"rendered":"\n<p>Ja s&#8217;ha publicat la informaci\u00f3 sobre els tallers <em>Anem x+ Matem\u00e0tiques<\/em>\u00a0 que s&#8217;ofereixen a Catalunya a trav\u00e9s de la FEEMCAT(Federaci\u00f3 de i que es fan al territori de la ma de les cinc associacions que la conformen: ADEMGI, APMCM, APaMMs, ABEAM i Lleimat. <br>Trobareu m\u00e9s informaci\u00f3 al web: <a href=\"https:\/\/feemcat.org\/tallers-anem-x-matematiques-2022-2023\/\">https:\/\/feemcat.org\/tallers-anem-x-matematiques-2022-2023\/<\/a><br>A Manresa els tallers es desenvolupen en el marc d&#8217;ABEAM i es dinamitzen des del grup de treball 7demates. POdeu llegir la informaci\u00f3 tamb\u00e9 al web d&#8217;ABEAM: <a href=\"https:\/\/abeam.feemcat.org\/web\/activitats\/anemxmesmatematiques\/informacio-general\/\">https:\/\/abeam.feemcat.org\/web\/activitats\/anemxmesmatematiques\/informacio-general\/<\/a><\/p>\n\n\n\n<p>Es realizaran els dissabtes de 9:30 a 12:30, els dies <\/p>\n\n\n\n<figure class=\"wp-block-table\"><table><tbody><tr><td>22 d\u2019octubre<\/td><\/tr><tr><td>19 de novembre<\/td><\/tr><tr><td>17 de desembre<\/td><\/tr><tr><td>21 de gener<\/td><\/tr><tr><td>11 de febrer<\/td><\/tr><tr><td>11 de mar\u00e7<\/td><\/tr><tr><td>15 d\u2019abril<\/td><\/tr><tr><td>13 de maig<\/td><\/tr><\/tbody><\/table><\/figure>\n\n\n\n<p><strong>IMPORTANT<\/strong><br>La inscripci\u00f3 al taller corre a c\u00e0rrec del professorat de matem\u00e0tiques de 4t d\u2019ESO de cada centre. Cada centre disposa d\u2019un m\u00e0xim de dues places.<\/p>\n\n\n\n<ul class=\"wp-block-list\"><li>Si sou alumne\/a i esteu interessat en els Tallers parleu-ne amb el vostre professor\/a<\/li><li>Si sou pare o mare, feu que el vostre fill o filla en parli amb el seu professor\/a.<\/li><\/ul>\n\n\n\n<p>Formulari <a href=\"https:\/\/forms.gle\/gVAkVTnt3pfsi6Lp7\">Manresa- Formulari Inscripci\u00f3 \u2013 curs 2022-2023<\/a><\/p>\n\n\n\n<p><\/p>\n\n\n\n<figure class=\"wp-block-image\"><img decoding=\"async\" src=\"https:\/\/feemcat.org\/wp-content\/uploads\/2014\/09\/anem.jpg\" alt=\"\"\/><\/figure>\n","protected":false},"excerpt":{"rendered":"<p>Ja s&#8217;ha publicat la informaci\u00f3 sobre els tallers Anem x+ Matem\u00e0tiques\u00a0 que s&#8217;ofereixen a Catalunya a trav\u00e9s de la FEEMCAT(Federaci\u00f3<\/p>\n","protected":false},"author":2,"featured_media":0,"comment_status":"open","ping_status":"open","sticky":false,"template":"","format":"standard","meta":{"footnotes":""},"categories":[30,3],"tags":[],"class_list":["post-1171","post","type-post","status-publish","format-standard","hentry","category-curs-2022-2023","category-noticies"],"_links":{"self":[{"href":"https:\/\/7demates.upc.edu\/index.php\/wp-json\/wp\/v2\/posts\/1171","targetHints":{"allow":["GET"]}}],"collection":[{"href":"https:\/\/7demates.upc.edu\/index.php\/wp-json\/wp\/v2\/posts"}],"about":[{"href":"https:\/\/7demates.upc.edu\/index.php\/wp-json\/wp\/v2\/types\/post"}],"author":[{"embeddable":true,"href":"https:\/\/7demates.upc.edu\/index.php\/wp-json\/wp\/v2\/users\/2"}],"replies":[{"embeddable":true,"href":"https:\/\/7demates.upc.edu\/index.php\/wp-json\/wp\/v2\/comments?post=1171"}],"version-history":[{"count":0,"href":"https:\/\/7demates.upc.edu\/index.php\/wp-json\/wp\/v2\/posts\/1171\/revisions"}],"wp:attachment":[{"href":"https:\/\/7demates.upc.edu\/index.php\/wp-json\/wp\/v2\/media?parent=1171"}],"wp:term":[{"taxonomy":"category","embeddable":true,"href":"https:\/\/7demates.upc.edu\/index.php\/wp-json\/wp\/v2\/categories?post=1171"},{"taxonomy":"post_tag","embeddable":true,"href":"https:\/\/7demates.upc.edu\/index.php\/wp-json\/wp\/v2\/tags?post=1171"}],"curies":[{"name":"wp","href":"https:\/\/api.w.org\/{rel}","templated":true}]}}